{"id":11619,"date":"2026-07-31T15:55:54","date_gmt":"2026-07-31T15:55:54","guid":{"rendered":"https:\/\/fpdd.pt\/novo\/?p=11619"},"modified":"2026-08-31T16:02:01","modified_gmt":"2026-08-31T16:02:01","slug":"training-camp-fpdd-14","status":"publish","type":"post","link":"https:\/\/fpdd.pt\/novo\/2026\/07\/31\/training-camp-fpdd-14\/","title":{"rendered":"Training CAmp FPDD"},"content":{"rendered":"\n<p>A Federa\u00e7\u00e3o Portuguesa de Dan\u00e7a Desportiva,&nbsp;<strong>FPDD<\/strong>, ir\u00e1 promover no dia&nbsp;<strong>19&nbsp;de&nbsp;setembro,&nbsp;s\u00e1bado<\/strong>&nbsp;o segundo&nbsp;<strong><em>Training Camp<\/em>&nbsp;<\/strong>da \u00e9poca destinado a atletas federados (inscritos na presente \u00e9poca). Esta iniciativa ser\u00e1 realizada no&nbsp;<strong>Pavilh\u00e3o&nbsp;<\/strong><strong>Municipal das Lameiras em Vila Nova de Famalic\u00e3o<\/strong>.<\/p>\n\n\n\n<p><strong>Preletores:<\/strong><\/p>\n\n\n\n<p>As palestras\/aulas de grupo versar\u00e3o sobre as dan\u00e7as Latinas e Standard e ser\u00e3o da responsabilidade dos seguintes treinadores:<\/p>\n\n\n\n<p>Andr\u00e9 Vieira\u00a0\u2013\u00a0Standard<br>Duarte Sousa\u00a0\u2013 Standard<br>Edgar Branco \u2013 Latinas<br>Jos\u00e9 Gomes\u00a0\u2013\u00a0Latinas<br>Vanessa Ferr\u00e3o \u2013\u00a0Latinas<\/p>\n\n\n\n<p>Os treinadores t\u00eam alguma disponibilidade para dar aulas particulares. Os interessados em reservar devem contatar-nos logo que poss\u00edvel para obter mais informa\u00e7\u00f5es e\/ou assegurar disponibilidade.<\/p>\n\n\n\n<p><strong>Inscri\u00e7\u00f5es<\/strong><\/p>\n\n\n\n<p>As inscri\u00e7\u00f5es devem ser enviadas para&nbsp;<a href=\"mailto:gabtecnico@fpdd.pt\" target=\"_blank\" rel=\"noreferrer noopener\">gabtecnico@fpdd.pt<\/a>&nbsp;acompanhadas de comprovativo de pagamento, correspondente a 18,00 \u20ac por cada atleta participante.&nbsp;<\/p>\n\n\n\n<p>Deve tamb\u00e9m no momento de inscri\u00e7\u00e3o ser dada a informa\u00e7\u00e3o, se aplic\u00e1vel, sobre o recibo a emitir pela Federa\u00e7\u00e3o.<\/p>\n\n\n\n<p><strong>A data limite para inscri\u00e7\u00e3o de atletas \u00e9 quinta-feira,&nbsp;17&nbsp;de&nbsp;setembro,&nbsp;<\/strong>podendo as inscri\u00e7\u00f5es encerrar em data anterior se o n\u00famero m\u00e1ximo de participantes for atingido.<\/p>\n\n\n\n<p>Os participantes podem contar com um dia de conv\u00edvio saud\u00e1vel entre atletas com aprendizagem e treino intenso.<\/p>\n\n\n\n<p>Os participantes ter\u00e3o tr\u00eas aulas de grupos de latinas e tr\u00eas aulas de standard.&nbsp;<\/p>\n\n\n\n<p>Os treinadores, com licen\u00e7a ativa na Federa\u00e7\u00e3o, que acompanhem atletas s\u00e3o muito bem-vindos para assistirem \u00e0s atividades do&nbsp;<em>Training Camp<\/em>. A participa\u00e7\u00e3o \u00e9 gratuita, mas a inscri\u00e7\u00e3o pr\u00e9via \u00e9 obrigat\u00f3ria. Basta enviarem mensagem com nome e indica\u00e7\u00e3o do clube.<\/p>\n\n\n\n<p>Para a realiza\u00e7\u00e3o desta iniciativa contamos com o apoio e reconhecimento do&nbsp;<strong>Instituto Portugu\u00eas do Desporto e Juventude, IP<\/strong>.<\/p>\n\n\n\n<p>Incentivamos todos os atletas a participarem&nbsp;no Training Camp onde ter\u00e3o oportunidade de aprender, praticar e conviver.<\/p>\n","protected":false},"excerpt":{"rendered":"<p>19\u00a0de\u00a0setembro | Vila Nova de Famalic\u00e3o.<\/p>\n","protected":false},"author":2,"featured_media":11620,"comment_status":"closed","ping_status":"closed","sticky":false,"template":"","format":"standard","meta":{"_et_pb_use_builder":"","_et_pb_old_content":"","_et_gb_content_width":"","_jetpack_memberships_contains_paid_content":false,"footnotes":""},"categories":[24,28],"tags":[],"class_list":["post-11619","post","type-post","status-publish","format-standard","has-post-thumbnail","hentry","category-destaque","category-formacao"],"jetpack_featured_media_url":"https:\/\/fpdd.pt\/novo\/wp-content\/uploads\/2026\/08\/131.jpg","jetpack_shortlink":"https:\/\/wp.me\/pa0HV0-31p","jetpack_sharing_enabled":true,"_links":{"self":[{"href":"https:\/\/fpdd.pt\/novo\/wp-json\/wp\/v2\/posts\/11619","targetHints":{"allow":["GET"]}}],"collection":[{"href":"https:\/\/fpdd.pt\/novo\/wp-json\/wp\/v2\/posts"}],"about":[{"href":"https:\/\/fpdd.pt\/novo\/wp-json\/wp\/v2\/types\/post"}],"author":[{"embeddable":true,"href":"https:\/\/fpdd.pt\/novo\/wp-json\/wp\/v2\/users\/2"}],"replies":[{"embeddable":true,"href":"https:\/\/fpdd.pt\/novo\/wp-json\/wp\/v2\/comments?post=11619"}],"version-history":[{"count":1,"href":"https:\/\/fpdd.pt\/novo\/wp-json\/wp\/v2\/posts\/11619\/revisions"}],"predecessor-version":[{"id":11621,"href":"https:\/\/fpdd.pt\/novo\/wp-json\/wp\/v2\/posts\/11619\/revisions\/11621"}],"wp:featuredmedia":[{"embeddable":true,"href":"https:\/\/fpdd.pt\/novo\/wp-json\/wp\/v2\/media\/11620"}],"wp:attachment":[{"href":"https:\/\/fpdd.pt\/novo\/wp-json\/wp\/v2\/media?parent=11619"}],"wp:term":[{"taxonomy":"category","embeddable":true,"href":"https:\/\/fpdd.pt\/novo\/wp-json\/wp\/v2\/categories?post=11619"},{"taxonomy":"post_tag","embeddable":true,"href":"https:\/\/fpdd.pt\/novo\/wp-json\/wp\/v2\/tags?post=11619"}],"curies":[{"name":"wp","href":"https:\/\/api.w.org\/{rel}","templated":true}]}}